{"id":637,"date":"2023-10-02T09:47:48","date_gmt":"2023-10-02T07:47:48","guid":{"rendered":"https:\/\/www.pietist.de\/?p=637"},"modified":"2024-06-06T22:43:55","modified_gmt":"2024-06-06T20:43:55","slug":"predigt-ist-mehr-als-aufklaerung","status":"publish","type":"post","link":"https:\/\/www.pietist.de\/?p=637","title":{"rendered":""},"content":{"rendered":"\n<p>Im Original liest sich das Zitat bei Ernst Christian Achelis so: \u201eNicht das \u03c7\u03ac\u03c1\u03b9\u03c3\u03bc\u03b1 \u03b4\u03b9\u03b4\u03b1\u03c3\u03ba\u03b1\u03bb\u03af\u03b1 ist die spezifische Gabe des Predigers, sondern das \u03c7\u03ac\u03c1\u03b9\u03c3\u03bc\u03b1 \u03c0\u03c1\u03bf\u03c6\u03b7\u03c4\u03b5\u03af\u03b1\u03c2 in dem Sinne, wie wir es in der korinthischen Gemeinde und bis in die Mitte des 2. Jahrhunderts (vgl. Didache) finden.\u201c\u00a0<\/p>\n\n\n\n<p>Damit unterstreicht Achelis in seinem Lehrbuch f\u00fcr Praktische Theologie die Auffassung, dass ein Prediger des Evangeliums eben mehr ist als ein Lehrer o.\u00e4. Aber warum geht es bei der neutestamentlichen Prophetie? <\/p>\n\n\n\n<p>Achelis formuliert es so: \u201eDer \u03c0\u03c1\u03bf\u03c6\u03b7\u03c4\u03b5\u03af\u03b1 schreibt der Apostel die besondere F\u00e4higkeit zu, die Gemeinde zu erbauen (I. Kor 14,5); er w\u00fcnscht, da\u00df sie alle prophezeien, und verspricht sich von solcher prophetischen T\u00e4tigkeit eine \u00dcberzeugungsmacht auch f\u00fcr die Ungl\u00e4ubigen, der nichts an die Seite zu stellen ist (v. 24. 25). Von Enthusiasterei ist gerade dies \u03c7\u03ac\u03c1\u03b9\u03c3\u03bc\u03b1 \u03c0\u03c1\u03bf\u03c6\u03b7\u03c4\u03b5\u03af\u03b1\u03c2 frei (v. 32); es ist die Gabe der Begeisterung auf religi\u00f6sem Gebiet, die F\u00e4higkeit, die Gr\u00f6\u00dfe und Tragweite des in Christus gegebenen Heiles sachgem\u00e4\u00df zum Ausdruck zu bringen und eben dadurch zu erbauen, zu mahnen, zu tr\u00f6sten, zu belehren.\u201c (129-139)<\/p>\n\n\n\n<p><em>Zum Weiterlesen<br>Ernst Christian Achelis: Lehrbuch der Praktischen Theologie, Band 2, 2. Aufl., Leipzig 1911.<\/em><\/p>\n","protected":false},"excerpt":{"rendered":"<p>Im Original liest sich das Zitat bei Ernst Christian Achelis so: \u201eNicht das \u03c7\u03ac\u03c1\u03b9\u03c3\u03bc\u03b1 \u03b4\u03b9\u03b4\u03b1\u03c3\u03ba\u03b1\u03bb\u03af\u03b1 ist die spezifische Gabe des Predigers, sondern das \u03c7\u03ac\u03c1\u03b9\u03c3\u03bc\u03b1 \u03c0\u03c1\u03bf\u03c6\u03b7\u03c4\u03b5\u03af\u03b1\u03c2 in dem Sinne, wie wir es in der korinthischen Gemeinde und bis in die Mitte des 2. Jahrhunderts (vgl. Didache) finden.\u201c\u00a0 Damit unterstreicht Achelis in seinem Lehrbuch f\u00fcr Praktische Theologie [&hellip;]<\/p>\n","protected":false},"author":1,"featured_media":638,"comment_status":"closed","ping_status":"closed","sticky":false,"template":"","format":"standard","meta":{"footnotes":""},"categories":[1],"tags":[],"_links":{"self":[{"href":"https:\/\/www.pietist.de\/index.php?rest_route=\/wp\/v2\/posts\/637"}],"collection":[{"href":"https:\/\/www.pietist.de\/index.php?rest_route=\/wp\/v2\/posts"}],"about":[{"href":"https:\/\/www.pietist.de\/index.php?rest_route=\/wp\/v2\/types\/post"}],"author":[{"embeddable":true,"href":"https:\/\/www.pietist.de\/index.php?rest_route=\/wp\/v2\/users\/1"}],"replies":[{"embeddable":true,"href":"https:\/\/www.pietist.de\/index.php?rest_route=%2Fwp%2Fv2%2Fcomments&post=637"}],"version-history":[{"count":2,"href":"https:\/\/www.pietist.de\/index.php?rest_route=\/wp\/v2\/posts\/637\/revisions"}],"predecessor-version":[{"id":697,"href":"https:\/\/www.pietist.de\/index.php?rest_route=\/wp\/v2\/posts\/637\/revisions\/697"}],"wp:featuredmedia":[{"embeddable":true,"href":"https:\/\/www.pietist.de\/index.php?rest_route=\/wp\/v2\/media\/638"}],"wp:attachment":[{"href":"https:\/\/www.pietist.de\/index.php?rest_route=%2Fwp%2Fv2%2Fmedia&parent=637"}],"wp:term":[{"taxonomy":"category","embeddable":true,"href":"https:\/\/www.pietist.de\/index.php?rest_route=%2Fwp%2Fv2%2Fcategories&post=637"},{"taxonomy":"post_tag","embeddable":true,"href":"https:\/\/www.pietist.de\/index.php?rest_route=%2Fwp%2Fv2%2Ftags&post=637"}],"curies":[{"name":"wp","href":"https:\/\/api.w.org\/{rel}","templated":true}]}}