{"id":765,"date":"2024-07-09T09:38:00","date_gmt":"2024-07-09T07:38:00","guid":{"rendered":"https:\/\/www.pietist.de\/?p=765"},"modified":"2024-09-09T09:39:13","modified_gmt":"2024-09-09T07:39:13","slug":"zinzendorf-und-die-idee-der-zentralsprache","status":"publish","type":"post","link":"https:\/\/www.pietist.de\/?p=765","title":{"rendered":"Zinzendorf &#8211; und die Idee der Zentralsprache"},"content":{"rendered":"\n<p>Nikolaus Ludwig Graf von Zinzendorf (1700-1760) wird heute dem Pietismus zugerechnet. Schon zu seinen Lebzeiten genie\u00dft er in allen Schichten hohes Ansehen, erf\u00e4hrt aber auch harsche Ablehnung. Aufgrund seiner Zugeh\u00f6rigkeit zum Hochadel darf Zinzendorf anfangs nicht predigen. Erst sp\u00e4ter beginnt er damit \u2013 gegen den fr\u00fcheren Willen seiner Familie. Arndt Schnepper zeigt eine Pers\u00f6nlichkeit, die mit ihrem Sinn f\u00fcr Gef\u00fchl und Originalit\u00e4t die Herzen vieler Menschen erreicht und bis heute zu den eigent\u00fcmlichsten Predigern deutscher Sprache gilt.<\/p>\n\n\n\n<figure class=\"wp-block-embed is-type-video is-provider-youtube wp-block-embed-youtube wp-embed-aspect-16-9 wp-has-aspect-ratio\"><div class=\"wp-block-embed__wrapper\">\n<iframe loading=\"lazy\" title=\"Zinzendorf und die Idee der Zentralsprache - Meisterpredigt 7\/8\" width=\"520\" height=\"293\" src=\"https:\/\/www.youtube.com\/embed\/rZhUIct5Cko?start=1495&#038;feature=oembed\" frameborder=\"0\" allow=\"accelerometer; autoplay; clipboard-write; encrypted-media; gyroscope; picture-in-picture; web-share\" referrerpolicy=\"strict-origin-when-cross-origin\" allowfullscreen><\/iframe>\n<\/div><\/figure>\n","protected":false},"excerpt":{"rendered":"<p>Nikolaus Ludwig Graf von Zinzendorf (1700-1760) wird heute dem Pietismus zugerechnet. Schon zu seinen Lebzeiten genie\u00dft er in allen Schichten hohes Ansehen, erf\u00e4hrt aber auch harsche Ablehnung. Aufgrund seiner Zugeh\u00f6rigkeit zum Hochadel darf Zinzendorf anfangs nicht predigen. Erst sp\u00e4ter beginnt er damit \u2013 gegen den fr\u00fcheren Willen seiner Familie. Arndt Schnepper zeigt eine Pers\u00f6nlichkeit, die [&hellip;]<\/p>\n","protected":false},"author":1,"featured_media":766,"comment_status":"closed","ping_status":"closed","sticky":false,"template":"","format":"standard","meta":{"footnotes":""},"categories":[1],"tags":[],"_links":{"self":[{"href":"https:\/\/www.pietist.de\/index.php?rest_route=\/wp\/v2\/posts\/765"}],"collection":[{"href":"https:\/\/www.pietist.de\/index.php?rest_route=\/wp\/v2\/posts"}],"about":[{"href":"https:\/\/www.pietist.de\/index.php?rest_route=\/wp\/v2\/types\/post"}],"author":[{"embeddable":true,"href":"https:\/\/www.pietist.de\/index.php?rest_route=\/wp\/v2\/users\/1"}],"replies":[{"embeddable":true,"href":"https:\/\/www.pietist.de\/index.php?rest_route=%2Fwp%2Fv2%2Fcomments&post=765"}],"version-history":[{"count":1,"href":"https:\/\/www.pietist.de\/index.php?rest_route=\/wp\/v2\/posts\/765\/revisions"}],"predecessor-version":[{"id":767,"href":"https:\/\/www.pietist.de\/index.php?rest_route=\/wp\/v2\/posts\/765\/revisions\/767"}],"wp:featuredmedia":[{"embeddable":true,"href":"https:\/\/www.pietist.de\/index.php?rest_route=\/wp\/v2\/media\/766"}],"wp:attachment":[{"href":"https:\/\/www.pietist.de\/index.php?rest_route=%2Fwp%2Fv2%2Fmedia&parent=765"}],"wp:term":[{"taxonomy":"category","embeddable":true,"href":"https:\/\/www.pietist.de\/index.php?rest_route=%2Fwp%2Fv2%2Fcategories&post=765"},{"taxonomy":"post_tag","embeddable":true,"href":"https:\/\/www.pietist.de\/index.php?rest_route=%2Fwp%2Fv2%2Ftags&post=765"}],"curies":[{"name":"wp","href":"https:\/\/api.w.org\/{rel}","templated":true}]}}